{"id":8996,"date":"2026-04-24T09:00:20","date_gmt":"2026-04-24T09:00:20","guid":{"rendered":"https:\/\/www.re-tramontana.org\/gregge-romane-poema-book-launch\/"},"modified":"2026-04-27T09:19:06","modified_gmt":"2026-04-27T09:19:06","slug":"gregge-romane-poeme-lancement-du-livre","status":"publish","type":"post","link":"https:\/\/www.re-tramontana.org\/fr\/gregge-romane-poeme-lancement-du-livre\/","title":{"rendered":"Gregge Romane. Po\u00e8me : Lancement du livre"},"content":{"rendered":"<div class=\"xdj266r x14z9mp xat24cr x1lziwak x1vvkbs x126k92a\">\n<div dir=\"auto\">\n<p>GREGGE ROMANE. POEMA<br \/>\nPr\u00e9sentation du livre et lancement de la publication<br \/>\n26 avril 2025 | 17 h<br \/>\nLa Corte di Arenaro<\/p>\n<p>Torrimpietra, Fiumicino<br \/>\nRome, Italie<\/p>\n<p>Un \u00e9v\u00e9nement organis\u00e9 par Bambun APS dans le cadre du projet Tramontana Network.<\/p>\n<\/div>\n<\/div>\n<div class=\"x14z9mp xat24cr x1lziwak x1vvkbs xtlvy1s x126k92a\">\n<div dir=\"auto\">La pr\u00e9sentation du livre \u201cGregge romane. Poema\u201d, edit\u00e9 par Elio Di Michele, Giampiero Giamogante, Roberta Tucci, avec une pr\u00e9face de Gianfranco Spitilli et une postface de Giovanni Kezich, publi\u00e9 par Bambun\/Centro Studi Don Nicola Jobbi en d\u00e9cembre 2025, aura lieu \u00e0 La Corte di Arenaro, \u00e0 Torrimpietra, \u00e0 partir de 17 heures, sous la coordination d&rsquo;Egildo Spada, avec des interventions d&rsquo;Ernesto Benelli, des \u00e9diteurs de l&rsquo;ouvrage et des po\u00e8tes improvisateurs.<\/div>\n<div dir=\"auto\">\n\u00ab En 1942 \u2013 \u00e9crit Roberta Tucci \u2013, Agostino Annibaldi, un berger originaire de Poggio Cancelli (AQ) qui menait ses troupeaux dans la campagne romaine, acheva son remarquable po\u00e8me en hend\u00e9casyllabes, \u00ab\u00a0Gregge romane\u00a0\u00bb : une \u0153uvre unique, compos\u00e9e de plus de deux mille cinq cents vers r\u00e9partis en douze chapitres, dans laquelle l\u2019auteur distille tout son savoir et son exp\u00e9rience d\u2019\u00e9leveur de moutons ancr\u00e9 dans un contexte familial et r\u00e9gional profond\u00e9ment li\u00e9 \u00e0 la transhumance \u00bb, le tout combin\u00e9 \u00e0 un talent po\u00e9tique personnel extraordinaire. \u00ab Le po\u00e8me retrace l\u2019exp\u00e9rience du berger transhumant tout au long de l\u2019ann\u00e9e, au fil des saisons : la mont\u00e9e vers les alpages, avec son itin\u00e9raire, ses dangers et les coutumes des haltes, ainsi que les retrouvailles avec les familles ; le p\u00e2turage en montagne ; les races ovines ; les centres de transhumance entre les Abruzzes et le Latium ; le p\u00e2turage d\u2019\u00e9t\u00e9 ; le p\u00e2turage d\u2019hiver ; les contrats de location ; l\u2019organisation de l\u2019exploitation ; les maladies du b\u00e9tail ; la descente des montagnes et l\u2019arriv\u00e9e dans la campagne romaine ; les naissances ; la tonte ; la production de fromage et de ricotta ; la musique, la danse et la pratique religieuse.<\/div>\n<div dir=\"auto\">\nAlors que la biographie d\u2019Agostino Annibaldi reste en partie obscure, [&#8230;] interrompue par la conclusion tragique de sa mort en 1944 \u00e0 la suite d\u2019un \u00e9v\u00e9nement de guerre, \u00ab\u00a0Gregge romane\u00a0\u00bb, jusqu\u2019alors presque enti\u00e8rement in\u00e9dit, est enfin mis en lumi\u00e8re et propos\u00e9 au lecteur comme un &lsquo;classique&rsquo; de la civilisation pastorale des Apennins \u00bb.<br \/>\nL&rsquo;\u00e9v\u00e9nement est organis\u00e9 dans le cadre des activit\u00e9s du projet europ\u00e9en Tramontana Network.<\/div>\n<\/div>\n","protected":false},"excerpt":{"rendered":"<p>GREGGE ROMANE. POEMA Pr\u00e9sentation du livre et lancement de la  [&#8230;]<\/p>\n","protected":false},"author":19,"featured_media":8994,"comment_status":"closed","ping_status":"closed","sticky":false,"template":"","format":"standard","meta":{"_acf_changed":false,"slim_seo":{"title":"Gregge Romane. Po\u00e8me : Lancement du livre - R\u00e9seau Tramontana","description":"GREGGE ROMANE. POEMA Pr\u00e9sentation du livre et lancement de la publication 26 avril 2025 | 17 h La Corte di Arenaro Torrimpietra, Fiumicino Rome, Italie Un \u00e9v\u00e9ne"},"footnotes":""},"categories":[885,339,890,882],"tags":[],"class_list":["post-8996","post","type-post","status-publish","format-standard","has-post-thumbnail","hentry","category-actions-fr","category-bambun-fr","category-lab-tramontana-fr","category-partners-fr"],"acf":[],"_links":{"self":[{"href":"https:\/\/www.re-tramontana.org\/fr\/wp-json\/wp\/v2\/posts\/8996","targetHints":{"allow":["GET"]}}],"collection":[{"href":"https:\/\/www.re-tramontana.org\/fr\/wp-json\/wp\/v2\/posts"}],"about":[{"href":"https:\/\/www.re-tramontana.org\/fr\/wp-json\/wp\/v2\/types\/post"}],"author":[{"embeddable":true,"href":"https:\/\/www.re-tramontana.org\/fr\/wp-json\/wp\/v2\/users\/19"}],"replies":[{"embeddable":true,"href":"https:\/\/www.re-tramontana.org\/fr\/wp-json\/wp\/v2\/comments?post=8996"}],"version-history":[{"count":2,"href":"https:\/\/www.re-tramontana.org\/fr\/wp-json\/wp\/v2\/posts\/8996\/revisions"}],"predecessor-version":[{"id":8998,"href":"https:\/\/www.re-tramontana.org\/fr\/wp-json\/wp\/v2\/posts\/8996\/revisions\/8998"}],"wp:featuredmedia":[{"embeddable":true,"href":"https:\/\/www.re-tramontana.org\/fr\/wp-json\/wp\/v2\/media\/8994"}],"wp:attachment":[{"href":"https:\/\/www.re-tramontana.org\/fr\/wp-json\/wp\/v2\/media?parent=8996"}],"wp:term":[{"taxonomy":"category","embeddable":true,"href":"https:\/\/www.re-tramontana.org\/fr\/wp-json\/wp\/v2\/categories?post=8996"},{"taxonomy":"post_tag","embeddable":true,"href":"https:\/\/www.re-tramontana.org\/fr\/wp-json\/wp\/v2\/tags?post=8996"}],"curies":[{"name":"wp","href":"https:\/\/api.w.org\/{rel}","templated":true}]}}