{"id":8883,"date":"2026-03-12T17:11:16","date_gmt":"2026-03-12T17:11:16","guid":{"rendered":"https:\/\/www.re-tramontana.org\/active-listening-and-oral-expression-workshop-takes-place-in-viseu\/"},"modified":"2026-03-12T17:14:12","modified_gmt":"2026-03-12T17:14:12","slug":"active-listening-and-oral-expression-workshop-takes-place-in-viseu","status":"publish","type":"post","link":"https:\/\/www.re-tramontana.org\/fr\/active-listening-and-oral-expression-workshop-takes-place-in-viseu\/","title":{"rendered":"Active listening and oral expression workshop takes place in Viseu"},"content":{"rendered":"<p>J&rsquo;\u00c9COUTE, JE ME SOUVIENS ET JE SENS<br \/>\nAtelier d&rsquo;\u00e9coute active et d&rsquo;expression orale<\/p>\n<p>Groupe scolaire Infante D. Henrique (Viseu, Portugal)<br \/>\n17 mars 2026, entre 11h35 et 13h20<\/p>\n<p>Binaural Nodar animera un atelier sur le son et l&rsquo;expression orale, en partenariat avec le groupe scolaire Infante D. Henrique \u00e0 Viseu, dans le cadre du projet Tramontana Network, cofinanc\u00e9 par le programme Creative Europe.<\/p>\n<p>L&rsquo;atelier sonore \u00ab J&rsquo;\u00e9coute, je me souviens et je sens \u00bb mettra les \u00e9l\u00e8ves au d\u00e9fi d&rsquo;\u00e9couter attentivement et d&rsquo;enregistrer certains aspects du paysage sonore de l&rsquo;\u00e9cole, dans toute sa diversit\u00e9 sonore (voix, mouvements, architecture) et sa relation avec l&rsquo;espace environnant, afin de les inciter \u00e0 exprimer une partie de leur univers personnel de souvenirs, aboutissant \u00e0 un ensemble de r\u00e9cits compos\u00e9s de paysages sonores et d&rsquo;expressions orales, qui auront une valeur sp\u00e9cifique et collective, li\u00e9e \u00e0 l&rsquo;histoire et \u00e0 la sensibilit\u00e9 des participants \u00e0 l&rsquo;atelier.<\/p>\n<p>Objectifs p\u00e9dagogiques de l&rsquo;atelier :<\/p>\n<ul>\n<li>D\u00e9velopper la capacit\u00e9 \u00e0 pr\u00eater attention et \u00e0 \u00e9couter activement, en favorisant une attitude calme qui permet de percevoir en d\u00e9tail les diff\u00e9rents sons pr\u00e9sents dans le paysage sonore de l&rsquo;\u00e9cole et de l&rsquo;espace environnant.<\/li>\n<li>Stimuler l&rsquo;observation sensible et critique des \u00e9l\u00e9ments sonores li\u00e9s au mouvement, aux voix et \u00e0 l&rsquo;architecture, en reconnaissant la diversit\u00e9 et la sp\u00e9cificit\u00e9 de l&rsquo;environnement scolaire, par exemple dans ses mat\u00e9riaux de construction, le type d&rsquo;occupation de l&rsquo;espace et les interactions acoustiques g\u00e9n\u00e9r\u00e9es.<\/li>\n<li>Encourager l&rsquo;expression orale en partageant des souvenirs personnels et en construisant des r\u00e9cits qui int\u00e8grent des exp\u00e9riences sonores et des souvenirs individuels.<\/li>\n<li>Exercer la m\u00e9moire personnelle en se rappelant et en reliant les sons captur\u00e9s \u00e0 des exp\u00e9riences et des histoires personnelles, en valorisant les dimensions affectives, sensibles et identitaires des participants dans leur diversit\u00e9.<\/li>\n<li>D\u00e9velopper des comp\u00e9tences d&rsquo;\u00e9coute critiques, n\u00e9goci\u00e9es et collaboratives, les \u00e9l\u00e8ves reconnaissant la valeur des diff\u00e9rentes perceptions et interpr\u00e9tations de l&rsquo;espace sonore commun.<\/li>\n<li>Sensibiliser \u00e0 l&rsquo;importance du patrimoine sonore en tant que partie int\u00e9grante de l&rsquo;identit\u00e9 locale et de la m\u00e9moire collective de la communaut\u00e9 scolaire.<\/li>\n<\/ul>\n<p>Binaural Nodar remercie le professeur Carlos Cruchinho pour l&rsquo;invitation \u00e0 animer cet atelier sonore.<\/p>\n","protected":false},"excerpt":{"rendered":"<p>J&rsquo;\u00c9COUTE, JE ME SOUVIENS ET JE SENS Atelier d&rsquo;\u00e9coute active  [&#8230;]<\/p>\n","protected":false},"author":2,"featured_media":8881,"comment_status":"closed","ping_status":"closed","sticky":false,"template":"","format":"standard","meta":{"_acf_changed":false,"slim_seo":{"title":"Active listening and oral expression workshop takes place in Viseu - R\u00e9seau Tramontana","description":"J'\u00c9COUTE, JE ME SOUVIENS ET JE SENS Atelier d'\u00e9coute active et d'expression orale Groupe scolaire Infante D. Henrique (Viseu, Portugal) 17 mars 2026, entre 11h3"},"footnotes":""},"categories":[296,891],"tags":[],"class_list":["post-8883","post","type-post","status-publish","format-standard","has-post-thumbnail","hentry","category-binauralnodar-fr","category-semina-tramontana-fr"],"acf":[],"_links":{"self":[{"href":"https:\/\/www.re-tramontana.org\/fr\/wp-json\/wp\/v2\/posts\/8883","targetHints":{"allow":["GET"]}}],"collection":[{"href":"https:\/\/www.re-tramontana.org\/fr\/wp-json\/wp\/v2\/posts"}],"about":[{"href":"https:\/\/www.re-tramontana.org\/fr\/wp-json\/wp\/v2\/types\/post"}],"author":[{"embeddable":true,"href":"https:\/\/www.re-tramontana.org\/fr\/wp-json\/wp\/v2\/users\/2"}],"replies":[{"embeddable":true,"href":"https:\/\/www.re-tramontana.org\/fr\/wp-json\/wp\/v2\/comments?post=8883"}],"version-history":[{"count":1,"href":"https:\/\/www.re-tramontana.org\/fr\/wp-json\/wp\/v2\/posts\/8883\/revisions"}],"predecessor-version":[{"id":8884,"href":"https:\/\/www.re-tramontana.org\/fr\/wp-json\/wp\/v2\/posts\/8883\/revisions\/8884"}],"wp:featuredmedia":[{"embeddable":true,"href":"https:\/\/www.re-tramontana.org\/fr\/wp-json\/wp\/v2\/media\/8881"}],"wp:attachment":[{"href":"https:\/\/www.re-tramontana.org\/fr\/wp-json\/wp\/v2\/media?parent=8883"}],"wp:term":[{"taxonomy":"category","embeddable":true,"href":"https:\/\/www.re-tramontana.org\/fr\/wp-json\/wp\/v2\/categories?post=8883"},{"taxonomy":"post_tag","embeddable":true,"href":"https:\/\/www.re-tramontana.org\/fr\/wp-json\/wp\/v2\/tags?post=8883"}],"curies":[{"name":"wp","href":"https:\/\/api.w.org\/{rel}","templated":true}]}}